{"id":3102,"date":"2025-05-11T22:56:20","date_gmt":"2025-05-11T20:56:20","guid":{"rendered":"https:\/\/gitarrenverein-nordrach.de\/?p=3102"},"modified":"2025-05-17T21:55:26","modified_gmt":"2025-05-17T19:55:26","slug":"dankeschoen-an-unsere-helfer","status":"publish","type":"post","link":"https:\/\/gitarrenverein-nordrach.de\/?p=3102","title":{"rendered":"Dankesch\u00f6n an unsere Helfer"},"content":{"rendered":"\n<p class=\"has-medium-font-size\">Am vergangenen Freitag haben wir all jene eingeladen, die uns beim Jahreskonzert sowie bei weiteren Veranstaltungen im letzten Jahr wieder tatkr\u00e4ftig unterst\u00fctzt haben \u2013 unsere treuen Helferinnen und Helfer. Bei leckerem Grillgut und einer gro\u00dfen Cocktail-Bar konnten wir gemeinsam einen entspannten Abend genie\u00dfen.<\/p>\n\n\n\n<p class=\"has-medium-font-size\">Euer Einsatz ist nicht selbstverst\u00e4ndlich \u2013 und gerade deshalb so wertvoll. Ob beim Auf- und Abbau, hinter den Kulissen oder mitten im Geschehen: Ihr seid ein unverzichtbarer Teil unseres Teams, unserer Gemeinschaft, unserer Vereinsfamilie.<\/p>\n\n\n\n<p class=\"has-medium-font-size\"><strong>Wir sagen von Herzen <em>Danke<\/em> f\u00fcr euer gro\u00dfartiges Engagement \u00fcber das gesamte Jahr hinweg \u2013 ohne euch w\u00e4re vieles nicht m\u00f6glich. Ihr seid spitze!<\/strong><\/p>\n\n\n\n<figure class=\"wp-block-gallery has-nested-images columns-default is-cropped wp-block-gallery-1 is-layout-flex wp-block-gallery-is-layout-flex\">\n<figure class=\"wp-block-image size-large\"><img loading=\"lazy\" decoding=\"async\" width=\"768\" height=\"1024\" data-id=\"3117\" src=\"https:\/\/gitarrenverein-nordrach.de\/wp-content\/uploads\/2025\/05\/IMG-20250512-WA0009-768x1024.jpg\" alt=\"\" class=\"wp-image-3117\" srcset=\"https:\/\/gitarrenverein-nordrach.de\/wp-content\/uploads\/2025\/05\/IMG-20250512-WA0009-768x1024.jpg 768w, https:\/\/gitarrenverein-nordrach.de\/wp-content\/uploads\/2025\/05\/IMG-20250512-WA0009-225x300.jpg 225w, https:\/\/gitarrenverein-nordrach.de\/wp-content\/uploads\/2025\/05\/IMG-20250512-WA0009-1152x1536.jpg 1152w, https:\/\/gitarrenverein-nordrach.de\/wp-content\/uploads\/2025\/05\/IMG-20250512-WA0009-1180x1573.jpg 1180w, https:\/\/gitarrenverein-nordrach.de\/wp-content\/uploads\/2025\/05\/IMG-20250512-WA0009-800x1067.jpg 800w, https:\/\/gitarrenverein-nordrach.de\/wp-content\/uploads\/2025\/05\/IMG-20250512-WA0009-650x867.jpg 650w, https:\/\/gitarrenverein-nordrach.de\/wp-content\/uploads\/2025\/05\/IMG-20250512-WA0009-440x587.jpg 440w, https:\/\/gitarrenverein-nordrach.de\/wp-content\/uploads\/2025\/05\/IMG-20250512-WA0009.jpg 1536w\" sizes=\"auto, (max-width: 768px) 100vw, 768px\" \/><\/figure>\n\n\n\n<figure class=\"wp-block-image size-large\"><img loading=\"lazy\" decoding=\"async\" width=\"768\" height=\"1024\" data-id=\"3114\" src=\"https:\/\/gitarrenverein-nordrach.de\/wp-content\/uploads\/2025\/05\/IMG-20250512-WA0004-768x1024.jpg\" alt=\"\" class=\"wp-image-3114\" srcset=\"https:\/\/gitarrenverein-nordrach.de\/wp-content\/uploads\/2025\/05\/IMG-20250512-WA0004-768x1024.jpg 768w, https:\/\/gitarrenverein-nordrach.de\/wp-content\/uploads\/2025\/05\/IMG-20250512-WA0004-225x300.jpg 225w, https:\/\/gitarrenverein-nordrach.de\/wp-content\/uploads\/2025\/05\/IMG-20250512-WA0004-1152x1536.jpg 1152w, https:\/\/gitarrenverein-nordrach.de\/wp-content\/uploads\/2025\/05\/IMG-20250512-WA0004-1180x1573.jpg 1180w, https:\/\/gitarrenverein-nordrach.de\/wp-content\/uploads\/2025\/05\/IMG-20250512-WA0004-800x1067.jpg 800w, https:\/\/gitarrenverein-nordrach.de\/wp-content\/uploads\/2025\/05\/IMG-20250512-WA0004-650x867.jpg 650w, https:\/\/gitarrenverein-nordrach.de\/wp-content\/uploads\/2025\/05\/IMG-20250512-WA0004-440x587.jpg 440w, https:\/\/gitarrenverein-nordrach.de\/wp-content\/uploads\/2025\/05\/IMG-20250512-WA0004.jpg 1536w\" sizes=\"auto, (max-width: 768px) 100vw, 768px\" \/><\/figure>\n\n\n\n<figure class=\"wp-block-image size-large\"><img loading=\"lazy\" decoding=\"async\" width=\"768\" height=\"1024\" data-id=\"3115\" src=\"https:\/\/gitarrenverein-nordrach.de\/wp-content\/uploads\/2025\/05\/IMG-20250512-WA0007-768x1024.jpg\" alt=\"\" class=\"wp-image-3115\" srcset=\"https:\/\/gitarrenverein-nordrach.de\/wp-content\/uploads\/2025\/05\/IMG-20250512-WA0007-768x1024.jpg 768w, https:\/\/gitarrenverein-nordrach.de\/wp-content\/uploads\/2025\/05\/IMG-20250512-WA0007-225x300.jpg 225w, https:\/\/gitarrenverein-nordrach.de\/wp-content\/uploads\/2025\/05\/IMG-20250512-WA0007-1152x1536.jpg 1152w, https:\/\/gitarrenverein-nordrach.de\/wp-content\/uploads\/2025\/05\/IMG-20250512-WA0007-1180x1573.jpg 1180w, https:\/\/gitarrenverein-nordrach.de\/wp-content\/uploads\/2025\/05\/IMG-20250512-WA0007-800x1067.jpg 800w, https:\/\/gitarrenverein-nordrach.de\/wp-content\/uploads\/2025\/05\/IMG-20250512-WA0007-650x867.jpg 650w, https:\/\/gitarrenverein-nordrach.de\/wp-content\/uploads\/2025\/05\/IMG-20250512-WA0007-440x587.jpg 440w, https:\/\/gitarrenverein-nordrach.de\/wp-content\/uploads\/2025\/05\/IMG-20250512-WA0007.jpg 1536w\" sizes=\"auto, (max-width: 768px) 100vw, 768px\" \/><\/figure>\n\n\n\n<figure class=\"wp-block-image size-large\"><img loading=\"lazy\" decoding=\"async\" width=\"768\" height=\"1024\" data-id=\"3116\" src=\"https:\/\/gitarrenverein-nordrach.de\/wp-content\/uploads\/2025\/05\/IMG-20250512-WA0006-768x1024.jpg\" alt=\"\" class=\"wp-image-3116\" srcset=\"https:\/\/gitarrenverein-nordrach.de\/wp-content\/uploads\/2025\/05\/IMG-20250512-WA0006-768x1024.jpg 768w, https:\/\/gitarrenverein-nordrach.de\/wp-content\/uploads\/2025\/05\/IMG-20250512-WA0006-225x300.jpg 225w, https:\/\/gitarrenverein-nordrach.de\/wp-content\/uploads\/2025\/05\/IMG-20250512-WA0006-1152x1536.jpg 1152w, https:\/\/gitarrenverein-nordrach.de\/wp-content\/uploads\/2025\/05\/IMG-20250512-WA0006-1180x1573.jpg 1180w, https:\/\/gitarrenverein-nordrach.de\/wp-content\/uploads\/2025\/05\/IMG-20250512-WA0006-800x1067.jpg 800w, https:\/\/gitarrenverein-nordrach.de\/wp-content\/uploads\/2025\/05\/IMG-20250512-WA0006-650x867.jpg 650w, https:\/\/gitarrenverein-nordrach.de\/wp-content\/uploads\/2025\/05\/IMG-20250512-WA0006-440x587.jpg 440w, https:\/\/gitarrenverein-nordrach.de\/wp-content\/uploads\/2025\/05\/IMG-20250512-WA0006.jpg 1536w\" sizes=\"auto, (max-width: 768px) 100vw, 768px\" \/><\/figure>\n\n\n\n<figure class=\"wp-block-image size-large\"><img loading=\"lazy\" decoding=\"async\" width=\"768\" height=\"1024\" data-id=\"3113\" src=\"https:\/\/gitarrenverein-nordrach.de\/wp-content\/uploads\/2025\/05\/IMG-20250512-WA0003-768x1024.jpg\" alt=\"\" class=\"wp-image-3113\" srcset=\"https:\/\/gitarrenverein-nordrach.de\/wp-content\/uploads\/2025\/05\/IMG-20250512-WA0003-768x1024.jpg 768w, https:\/\/gitarrenverein-nordrach.de\/wp-content\/uploads\/2025\/05\/IMG-20250512-WA0003-225x300.jpg 225w, https:\/\/gitarrenverein-nordrach.de\/wp-content\/uploads\/2025\/05\/IMG-20250512-WA0003-1152x1536.jpg 1152w, https:\/\/gitarrenverein-nordrach.de\/wp-content\/uploads\/2025\/05\/IMG-20250512-WA0003-1180x1573.jpg 1180w, https:\/\/gitarrenverein-nordrach.de\/wp-content\/uploads\/2025\/05\/IMG-20250512-WA0003-800x1067.jpg 800w, https:\/\/gitarrenverein-nordrach.de\/wp-content\/uploads\/2025\/05\/IMG-20250512-WA0003-650x867.jpg 650w, https:\/\/gitarrenverein-nordrach.de\/wp-content\/uploads\/2025\/05\/IMG-20250512-WA0003-440x587.jpg 440w, https:\/\/gitarrenverein-nordrach.de\/wp-content\/uploads\/2025\/05\/IMG-20250512-WA0003.jpg 1536w\" sizes=\"auto, (max-width: 768px) 100vw, 768px\" \/><\/figure>\n<\/figure>\n\n\n<div class=\"wp-block-image\">\n<figure class=\"aligncenter size-large is-resized\"><img loading=\"lazy\" decoding=\"async\" width=\"1024\" height=\"768\" src=\"https:\/\/gitarrenverein-nordrach.de\/wp-content\/uploads\/2025\/05\/IMG-20250512-WA0000-1024x768.jpg\" alt=\"\" class=\"wp-image-3112\" style=\"width:611px;height:auto\" srcset=\"https:\/\/gitarrenverein-nordrach.de\/wp-content\/uploads\/2025\/05\/IMG-20250512-WA0000-1024x768.jpg 1024w, https:\/\/gitarrenverein-nordrach.de\/wp-content\/uploads\/2025\/05\/IMG-20250512-WA0000-300x225.jpg 300w, https:\/\/gitarrenverein-nordrach.de\/wp-content\/uploads\/2025\/05\/IMG-20250512-WA0000-768x576.jpg 768w, https:\/\/gitarrenverein-nordrach.de\/wp-content\/uploads\/2025\/05\/IMG-20250512-WA0000-1536x1152.jpg 1536w, https:\/\/gitarrenverein-nordrach.de\/wp-content\/uploads\/2025\/05\/IMG-20250512-WA0000-1180x885.jpg 1180w, https:\/\/gitarrenverein-nordrach.de\/wp-content\/uploads\/2025\/05\/IMG-20250512-WA0000-800x600.jpg 800w, https:\/\/gitarrenverein-nordrach.de\/wp-content\/uploads\/2025\/05\/IMG-20250512-WA0000-650x488.jpg 650w, https:\/\/gitarrenverein-nordrach.de\/wp-content\/uploads\/2025\/05\/IMG-20250512-WA0000-440x330.jpg 440w, https:\/\/gitarrenverein-nordrach.de\/wp-content\/uploads\/2025\/05\/IMG-20250512-WA0000.jpg 2048w\" sizes=\"auto, (max-width: 1024px) 100vw, 1024px\" \/><\/figure>\n<\/div>","protected":false},"excerpt":{"rendered":"<p> [&hellip;]<\/p>\n","protected":false},"author":1,"featured_media":0,"comment_status":"open","ping_status":"open","sticky":false,"template":"","format":"standard","meta":{"footnotes":""},"categories":[1],"tags":[],"class_list":["post-3102","post","type-post","status-publish","format-standard","hentry","category-allgemein"],"_links":{"self":[{"href":"https:\/\/gitarrenverein-nordrach.de\/index.php?rest_route=\/wp\/v2\/posts\/3102","targetHints":{"allow":["GET"]}}],"collection":[{"href":"https:\/\/gitarrenverein-nordrach.de\/index.php?rest_route=\/wp\/v2\/posts"}],"about":[{"href":"https:\/\/gitarrenverein-nordrach.de\/index.php?rest_route=\/wp\/v2\/types\/post"}],"author":[{"embeddable":true,"href":"https:\/\/gitarrenverein-nordrach.de\/index.php?rest_route=\/wp\/v2\/users\/1"}],"replies":[{"embeddable":true,"href":"https:\/\/gitarrenverein-nordrach.de\/index.php?rest_route=%2Fwp%2Fv2%2Fcomments&post=3102"}],"version-history":[{"count":4,"href":"https:\/\/gitarrenverein-nordrach.de\/index.php?rest_route=\/wp\/v2\/posts\/3102\/revisions"}],"predecessor-version":[{"id":3120,"href":"https:\/\/gitarrenverein-nordrach.de\/index.php?rest_route=\/wp\/v2\/posts\/3102\/revisions\/3120"}],"wp:attachment":[{"href":"https:\/\/gitarrenverein-nordrach.de\/index.php?rest_route=%2Fwp%2Fv2%2Fmedia&parent=3102"}],"wp:term":[{"taxonomy":"category","embeddable":true,"href":"https:\/\/gitarrenverein-nordrach.de\/index.php?rest_route=%2Fwp%2Fv2%2Fcategories&post=3102"},{"taxonomy":"post_tag","embeddable":true,"href":"https:\/\/gitarrenverein-nordrach.de\/index.php?rest_route=%2Fwp%2Fv2%2Ftags&post=3102"}],"curies":[{"name":"wp","href":"https:\/\/api.w.org\/{rel}","templated":true}]}}