{"id":3130,"date":"2025-05-29T00:15:12","date_gmt":"2025-05-28T22:15:12","guid":{"rendered":"https:\/\/gitarrenverein-nordrach.de\/?p=3130"},"modified":"2025-05-29T00:15:13","modified_gmt":"2025-05-28T22:15:13","slug":"promenadenkonzert-in-haslach","status":"publish","type":"post","link":"https:\/\/gitarrenverein-nordrach.de\/?p=3130","title":{"rendered":"Promenadenkonzert in Haslach"},"content":{"rendered":"\n<p class=\"has-medium-font-size\">Nach einem Jahr Pause freuen wir uns ganz besonders, wieder in Haslach f\u00fcr euch spielen zu d\u00fcrfen!<br>Wir laden euch herzlich ein zum Promenadenkonzert <br>am <strong>Mittwoch, 04. Juni 2025<\/strong> <strong>um 19:30 Uhr im Klostergarten<\/strong> <br>(bei schlechter Witterung im Haus der Musik).<br>Freut euch auf ein abwechslungsreiches Programm \u2013 von beschwingten Melodien <br>bis hin zu gef\u00fchlvollen Gitarrenkl\u00e4ngen, die Herz und Seele ber\u00fchren. <br>Der Eintritt ist frei! Es findet keine Bewirtung statt.<\/p>\n\n\n\n<p class=\"has-medium-font-size\">Lasst euch von der Musik verzaubern \u2013 wir freuen uns auf euch!<\/p>\n\n\n<div class=\"wp-block-image\">\n<figure class=\"aligncenter size-large is-resized\"><img loading=\"lazy\" decoding=\"async\" width=\"751\" height=\"1024\" src=\"https:\/\/gitarrenverein-nordrach.de\/wp-content\/uploads\/2025\/05\/2025_Haslach-Promenadenkonzert-751x1024.jpg\" alt=\"\" class=\"wp-image-3134\" style=\"width:476px;height:auto\" srcset=\"https:\/\/gitarrenverein-nordrach.de\/wp-content\/uploads\/2025\/05\/2025_Haslach-Promenadenkonzert-751x1024.jpg 751w, https:\/\/gitarrenverein-nordrach.de\/wp-content\/uploads\/2025\/05\/2025_Haslach-Promenadenkonzert-220x300.jpg 220w, https:\/\/gitarrenverein-nordrach.de\/wp-content\/uploads\/2025\/05\/2025_Haslach-Promenadenkonzert-768x1048.jpg 768w, https:\/\/gitarrenverein-nordrach.de\/wp-content\/uploads\/2025\/05\/2025_Haslach-Promenadenkonzert-1126x1536.jpg 1126w, https:\/\/gitarrenverein-nordrach.de\/wp-content\/uploads\/2025\/05\/2025_Haslach-Promenadenkonzert-1180x1610.jpg 1180w, https:\/\/gitarrenverein-nordrach.de\/wp-content\/uploads\/2025\/05\/2025_Haslach-Promenadenkonzert-800x1091.jpg 800w, https:\/\/gitarrenverein-nordrach.de\/wp-content\/uploads\/2025\/05\/2025_Haslach-Promenadenkonzert-650x887.jpg 650w, https:\/\/gitarrenverein-nordrach.de\/wp-content\/uploads\/2025\/05\/2025_Haslach-Promenadenkonzert-440x600.jpg 440w, https:\/\/gitarrenverein-nordrach.de\/wp-content\/uploads\/2025\/05\/2025_Haslach-Promenadenkonzert.jpg 1299w\" sizes=\"auto, (max-width: 751px) 100vw, 751px\" \/><\/figure>\n<\/div>","protected":false},"excerpt":{"rendered":"<p> [&hellip;]<\/p>\n","protected":false},"author":1,"featured_media":0,"comment_status":"open","ping_status":"open","sticky":false,"template":"","format":"standard","meta":{"footnotes":""},"categories":[1],"tags":[],"class_list":["post-3130","post","type-post","status-publish","format-standard","hentry","category-allgemein"],"_links":{"self":[{"href":"https:\/\/gitarrenverein-nordrach.de\/index.php?rest_route=\/wp\/v2\/posts\/3130","targetHints":{"allow":["GET"]}}],"collection":[{"href":"https:\/\/gitarrenverein-nordrach.de\/index.php?rest_route=\/wp\/v2\/posts"}],"about":[{"href":"https:\/\/gitarrenverein-nordrach.de\/index.php?rest_route=\/wp\/v2\/types\/post"}],"author":[{"embeddable":true,"href":"https:\/\/gitarrenverein-nordrach.de\/index.php?rest_route=\/wp\/v2\/users\/1"}],"replies":[{"embeddable":true,"href":"https:\/\/gitarrenverein-nordrach.de\/index.php?rest_route=%2Fwp%2Fv2%2Fcomments&post=3130"}],"version-history":[{"count":5,"href":"https:\/\/gitarrenverein-nordrach.de\/index.php?rest_route=\/wp\/v2\/posts\/3130\/revisions"}],"predecessor-version":[{"id":3136,"href":"https:\/\/gitarrenverein-nordrach.de\/index.php?rest_route=\/wp\/v2\/posts\/3130\/revisions\/3136"}],"wp:attachment":[{"href":"https:\/\/gitarrenverein-nordrach.de\/index.php?rest_route=%2Fwp%2Fv2%2Fmedia&parent=3130"}],"wp:term":[{"taxonomy":"category","embeddable":true,"href":"https:\/\/gitarrenverein-nordrach.de\/index.php?rest_route=%2Fwp%2Fv2%2Fcategories&post=3130"},{"taxonomy":"post_tag","embeddable":true,"href":"https:\/\/gitarrenverein-nordrach.de\/index.php?rest_route=%2Fwp%2Fv2%2Ftags&post=3130"}],"curies":[{"name":"wp","href":"https:\/\/api.w.org\/{rel}","templated":true}]}}